{"id":15310,"date":"2025-09-03T08:03:20","date_gmt":"2025-09-03T06:03:20","guid":{"rendered":"https:\/\/www.mariengarten.it\/internatsschule\/?p=15310"},"modified":"2025-09-03T13:20:21","modified_gmt":"2025-09-03T11:20:21","slug":"gemeinsames-fruehstueck-2","status":"publish","type":"post","link":"https:\/\/www.mariengarten.it\/internatsschule\/gemeinsames-fruehstueck-2\/","title":{"rendered":"Gemeinsames Fr\u00fchst\u00fcck"},"content":{"rendered":"<p>P\u00fcnktlich hat sich die Schulgemeinschaft zu einem gemeinsamen Fr\u00fchst\u00fcck im Schulhof getroffen um das neue<br \/>\nSchuljahr &#8222;w\u00fcrdig&#8220; zu begr\u00fc\u00dfen.<\/p>\n","protected":false},"excerpt":{"rendered":"<p>P\u00fcnktlich hat sich die Schulgemeinschaft zu einem gemeinsamen Fr\u00fchst\u00fcck im Schulhof getroffen um das neue Schuljahr &#8222;w\u00fcrdig&#8220; zu begr\u00fc\u00dfen.<\/p>\n","protected":false},"author":4,"featured_media":15311,"comment_status":"closed","ping_status":"open","sticky":false,"template":"","format":"standard","meta":{"two_page_speed":[],"footnotes":""},"categories":[57],"tags":[985],"class_list":["post-15310","post","type-post","status-publish","format-standard","has-post-thumbnail","hentry","category-aktuelles","tag-neue-schuljahr"],"_links":{"self":[{"href":"https:\/\/www.mariengarten.it\/internatsschule\/wp-json\/wp\/v2\/posts\/15310","targetHints":{"allow":["GET"]}}],"collection":[{"href":"https:\/\/www.mariengarten.it\/internatsschule\/wp-json\/wp\/v2\/posts"}],"about":[{"href":"https:\/\/www.mariengarten.it\/internatsschule\/wp-json\/wp\/v2\/types\/post"}],"author":[{"embeddable":true,"href":"https:\/\/www.mariengarten.it\/internatsschule\/wp-json\/wp\/v2\/users\/4"}],"replies":[{"embeddable":true,"href":"https:\/\/www.mariengarten.it\/internatsschule\/wp-json\/wp\/v2\/comments?post=15310"}],"version-history":[{"count":5,"href":"https:\/\/www.mariengarten.it\/internatsschule\/wp-json\/wp\/v2\/posts\/15310\/revisions"}],"predecessor-version":[{"id":15335,"href":"https:\/\/www.mariengarten.it\/internatsschule\/wp-json\/wp\/v2\/posts\/15310\/revisions\/15335"}],"wp:featuredmedia":[{"embeddable":true,"href":"https:\/\/www.mariengarten.it\/internatsschule\/wp-json\/wp\/v2\/media\/15311"}],"wp:attachment":[{"href":"https:\/\/www.mariengarten.it\/internatsschule\/wp-json\/wp\/v2\/media?parent=15310"}],"wp:term":[{"taxonomy":"category","embeddable":true,"href":"https:\/\/www.mariengarten.it\/internatsschule\/wp-json\/wp\/v2\/categories?post=15310"},{"taxonomy":"post_tag","embeddable":true,"href":"https:\/\/www.mariengarten.it\/internatsschule\/wp-json\/wp\/v2\/tags?post=15310"}],"curies":[{"name":"wp","href":"https:\/\/api.w.org\/{rel}","templated":true}]}}