{"id":15300,"date":"2025-08-28T10:51:31","date_gmt":"2025-08-28T08:51:31","guid":{"rendered":"https:\/\/www.mariengarten.it\/internatsschule\/?p=15300"},"modified":"2025-08-28T11:12:25","modified_gmt":"2025-08-28T09:12:25","slug":"abschied-von-unserem-geschaetzten-direktor","status":"publish","type":"post","link":"https:\/\/www.mariengarten.it\/internatsschule\/abschied-von-unserem-geschaetzten-direktor\/","title":{"rendered":"Abschied von unserem gesch\u00e4tzten Direktor"},"content":{"rendered":"<p>Lieber Hanspeter, danke f\u00fcr deinen gro\u00dfen Einsatz in der Direktion. Du warst stets mit Herz und offenem Ohr f\u00fcr alle<br \/>\nda. Als verl\u00e4sslicher Ansprechpartner f\u00fcr Sch\u00fcler*innen, Eltern und Kollegium pr\u00e4gtest du unser Schulleben mit<br \/>\nF\u00fcrsorge, Weitblick und Verst\u00e4ndnis. Wir danken dir von Herzen f\u00fcr deinen unerm\u00fcdlichen Einsatz und freuen uns,<br \/>\ndass du als Lehrer weiterhin in unserem Kollegium bleibst. Vergelt&#8217;s Gott!<\/p>\n","protected":false},"excerpt":{"rendered":"<p>Lieber Hanspeter, danke f\u00fcr deinen gro\u00dfen Einsatz in der Direktion. Du warst stets mit Herz und offenem Ohr f\u00fcr alle da. Als verl\u00e4sslicher Ansprechpartner f\u00fcr Sch\u00fcler*innen, Eltern und Kollegium pr\u00e4gtest du unser Schulleben mit F\u00fcrsorge, Weitblick und Verst\u00e4ndnis. Wir danken dir von Herzen f\u00fcr deinen unerm\u00fcdlichen Einsatz und freuen uns, [&hellip;]<\/p>\n","protected":false},"author":4,"featured_media":15303,"comment_status":"closed","ping_status":"open","sticky":false,"template":"","format":"standard","meta":{"two_page_speed":[],"footnotes":""},"categories":[57],"tags":[107],"class_list":["post-15300","post","type-post","status-publish","format-standard","has-post-thumbnail","hentry","category-aktuelles","tag-direktor-dr-hanspeter-kuenig"],"_links":{"self":[{"href":"https:\/\/www.mariengarten.it\/internatsschule\/wp-json\/wp\/v2\/posts\/15300","targetHints":{"allow":["GET"]}}],"collection":[{"href":"https:\/\/www.mariengarten.it\/internatsschule\/wp-json\/wp\/v2\/posts"}],"about":[{"href":"https:\/\/www.mariengarten.it\/internatsschule\/wp-json\/wp\/v2\/types\/post"}],"author":[{"embeddable":true,"href":"https:\/\/www.mariengarten.it\/internatsschule\/wp-json\/wp\/v2\/users\/4"}],"replies":[{"embeddable":true,"href":"https:\/\/www.mariengarten.it\/internatsschule\/wp-json\/wp\/v2\/comments?post=15300"}],"version-history":[{"count":6,"href":"https:\/\/www.mariengarten.it\/internatsschule\/wp-json\/wp\/v2\/posts\/15300\/revisions"}],"predecessor-version":[{"id":15308,"href":"https:\/\/www.mariengarten.it\/internatsschule\/wp-json\/wp\/v2\/posts\/15300\/revisions\/15308"}],"wp:featuredmedia":[{"embeddable":true,"href":"https:\/\/www.mariengarten.it\/internatsschule\/wp-json\/wp\/v2\/media\/15303"}],"wp:attachment":[{"href":"https:\/\/www.mariengarten.it\/internatsschule\/wp-json\/wp\/v2\/media?parent=15300"}],"wp:term":[{"taxonomy":"category","embeddable":true,"href":"https:\/\/www.mariengarten.it\/internatsschule\/wp-json\/wp\/v2\/categories?post=15300"},{"taxonomy":"post_tag","embeddable":true,"href":"https:\/\/www.mariengarten.it\/internatsschule\/wp-json\/wp\/v2\/tags?post=15300"}],"curies":[{"name":"wp","href":"https:\/\/api.w.org\/{rel}","templated":true}]}}